[{"command":"settings","settings":{"pluralDelimiter":"\u0003","suppressDeprecationErrors":true,"ajaxPageState":{"libraries":"eJxLzi9K1S_ITC4pLUpNy8zJ0UmpzEvMzUyOT80rySypjM_JLC7RL87IL4_PBaoEALH_EqY","theme":"ivory","theme_token":null},"ajaxTrustedUrl":[],"user":{"uid":0,"permissionsHash":"9c975576f1b96e43d31b3ff34c1ca6b53b6096ff14d83974ef00f2d68011e8fb"}},"merge":true},{"command":"add_css","data":[{"rel":"stylesheet","media":"all","href":"\/core\/themes\/stable9\/css\/core\/components\/progress.module.css?te7139"},{"rel":"stylesheet","media":"all","href":"\/core\/themes\/stable9\/css\/core\/components\/ajax-progress.module.css?te7139"},{"rel":"stylesheet","media":"all","href":"\/themes\/contrib\/gin\/dist\/css\/components\/ajax.css?te7139"}]},{"command":"add_js","selector":"body","data":[{"src":"\/core\/assets\/vendor\/jquery\/jquery.min.js?v=4.0.0"},{"src":"\/sites\/default\/files\/js\/js_f7W2CMscSkIUf3WT-X8_03RUJuPv-vhj9_PoBqr9JB0.js?scope=footer\u0026delta=1\u0026language=de-h2\u0026theme=ivory\u0026include=eJxLqcxLzM1Mjk_NK8ksqYzPySwu0S_OyC-Pz80vSgUAtBcL_w"}]},{"command":"showMoreTeasers","id":"del--paragraph-806130","content":"\u003Ca href=\u0022\/sonstiges\/hzwei-maerz-ausgabe-2025-ist-erschienen\u0022  class=\u0022teaser teaser--standard\u0022 aria-label=\u0022HZwei M\u00e4rz-Ausgabe 2025 ist erschienen\u0022\u003E\n      \u003Cdiv class=\u0022teaser-content--image\u0022\u003E\n              \u003Cpicture\u003E\n                        \u003Csource srcset=\u0022\/sites\/default\/files\/styles\/teaser_standard__m\/public\/2025-03\/hzwei_maerz_2025.jpg.webp?itok=BDfu2fkp 1x\u0022 media=\u0022(min-width: 48.0625em) and (max-width: 64em)\u0022 type=\u0022image\/webp\u0022 width=\u0022171\u0022 height=\u0022242\u0022\/\u003E\n                  \u003Csource srcset=\u0022\/sites\/default\/files\/styles\/teaser_standard__l\/public\/2025-03\/hzwei_maerz_2025.jpg.webp?itok=bNvXxDMn 1x\u0022 media=\u0022(min-width: 64.0625em)\u0022 type=\u0022image\/webp\u0022 width=\u0022107\u0022 height=\u0022152\u0022\/\u003E\n                  \u003Csource srcset=\u0022\/sites\/default\/files\/styles\/teaser_standard__m\/public\/2025-03\/hzwei_maerz_2025.jpg?itok=noBMDaSc 1x\u0022 media=\u0022(min-width: 48.0625em) and (max-width: 64em)\u0022 type=\u0022image\/jpeg\u0022 width=\u0022171\u0022 height=\u0022242\u0022\/\u003E\n                  \u003Csource srcset=\u0022\/sites\/default\/files\/styles\/teaser_standard__l\/public\/2025-03\/hzwei_maerz_2025.jpg?itok=z8rx_sL_ 1x\u0022 media=\u0022(min-width: 64.0625em)\u0022 type=\u0022image\/jpeg\u0022 width=\u0022107\u0022 height=\u0022152\u0022\/\u003E\n                          \u003Cimg alt=\u0022HZwei_Maerz_2025\u0022 loading=\u0022eager\u0022 data-caption-hide width=\u0022281\u0022 height=\u0022398\u0022 data-zoomed=\u0022https:\/\/www.hzwei.info\/sites\/default\/files\/styles\/content__zoomed\/public\/2025-03\/hzwei_maerz_2025.jpg?itok=V18iZg0n\u0022 src=\u0022\/sites\/default\/files\/styles\/teaser_standard__s\/public\/2025-03\/hzwei_maerz_2025.jpg?itok=ji0kp9DZ\u0022 \/\u003E\n\n    \u003C\/picture\u003E\n    \n\n    \u003C\/div\u003E\n    \u003Cdiv class=\u0022teaser-content\u0022\u003E\n                    \u003Cdiv class=\u0022teaser-content--kicker\u0022\u003E\n                    \n        \u003C\/div\u003E\n                                              \n                        \n        \u003Ch4 class=\u0022teaser-content--headline\u0022\u003E\n                                HZwei M\u00e4rz-Ausgabe 2025 ist \n                              \u003Cspan class=\u0022headline-last-word-arrow\u0022\u003Eerschienen                      \u003C\/span\u003E\n        \u003C\/h4\u003E\n            \u003Cdiv class=\u0022teaser-content--publishing-date\u0022\u003E\u003Ctime datetime=\u00222025-03-24T10:59:04Z\u0022\u003E24.03.2025\u003C\/time\u003E\n\u003C\/div\u003E\u003Cspan class=\u0022teaser-content--publishing-date-divider\u0022\u003E - \u003C\/span\u003E\u003Cdiv class=\u0022teaser-content--body\u0022\u003E  \u003Cp\u003EHeute ist das M\u00e4rz-Heft der HZwei - das Magazin f\u00fcr Wasserstoff und Brennstoffzellen - herausgekommen. Das Besondere an dieser Ausgabe ist, dass dies das letzte Heft ist, dass im Hydrogeit Verlag erscheint. Ab dem 1. April werden alle weitere Ausgaben im Gentner Verlag erscheinen. Dies betrifft...\u003C\/p\u003E\n\n\n\u003C\/div\u003E\n                        \u003Cspan class=\u0022read-more-arrow-container\u0022\u003E\n            \u003Cspan class=\u0022read-more-angled-arrow\u0022\u003E \u003C\/span\u003E\n          \u003C\/span\u003E\n                  \u003C\/div\u003E\n    \u003C\/a\u003E\n\u003Ca href=\u0022\/sonstiges\/hydrogeit-verlag-uebergibt-die-hzwei-den-gentner-verlag\u0022  class=\u0022teaser teaser--standard\u0022 aria-label=\u0022Hydrogeit Verlag \u00fcbergibt die HZwei an den Gentner Verlag\u0022\u003E\n      \u003Cdiv class=\u0022teaser-content--image\u0022\u003E\n              \u003Cpicture\u003E\n                        \u003Csource srcset=\u0022\/sites\/default\/files\/styles\/teaser_standard__m\/public\/2025-03\/e-mail-banner-gentner-verlag-uebernahme.jpg.webp?itok=HQYd3CYw 1x\u0022 media=\u0022(min-width: 48.0625em) and (max-width: 64em)\u0022 type=\u0022image\/webp\u0022 width=\u0022323\u0022 height=\u0022202\u0022\/\u003E\n                  \u003Csource srcset=\u0022\/sites\/default\/files\/styles\/teaser_standard__l\/public\/2025-03\/e-mail-banner-gentner-verlag-uebernahme.jpg.webp?itok=L8yPlQU9 1x\u0022 media=\u0022(min-width: 64.0625em)\u0022 type=\u0022image\/webp\u0022 width=\u0022203\u0022 height=\u0022127\u0022\/\u003E\n                  \u003Csource srcset=\u0022\/sites\/default\/files\/styles\/teaser_standard__m\/public\/2025-03\/e-mail-banner-gentner-verlag-uebernahme.jpg?itok=_f56OdOk 1x\u0022 media=\u0022(min-width: 48.0625em) and (max-width: 64em)\u0022 type=\u0022image\/jpeg\u0022 width=\u0022323\u0022 height=\u0022202\u0022\/\u003E\n                  \u003Csource srcset=\u0022\/sites\/default\/files\/styles\/teaser_standard__l\/public\/2025-03\/e-mail-banner-gentner-verlag-uebernahme.jpg?itok=dKZbARd5 1x\u0022 media=\u0022(min-width: 64.0625em)\u0022 type=\u0022image\/jpeg\u0022 width=\u0022203\u0022 height=\u0022127\u0022\/\u003E\n                          \u003Cimg loading=\u0022eager\u0022 data-caption-hide width=\u0022637\u0022 height=\u0022398\u0022 alt=\u0022E-Mail-Banner-Gentner-Verlag-Uebernahme\u0022 data-zoomed=\u0022https:\/\/www.hzwei.info\/sites\/default\/files\/styles\/content__zoomed\/public\/2025-03\/e-mail-banner-gentner-verlag-uebernahme.jpg?itok=vDbc59kY\u0022 src=\u0022\/sites\/default\/files\/styles\/teaser_standard__s\/public\/2025-03\/e-mail-banner-gentner-verlag-uebernahme.jpg?itok=zmltZYng\u0022 \/\u003E\n\n    \u003C\/picture\u003E\n    \n\n    \u003C\/div\u003E\n    \u003Cdiv class=\u0022teaser-content\u0022\u003E\n                    \u003Cdiv class=\u0022teaser-content--kicker\u0022\u003E\n                    \n        \u003C\/div\u003E\n                                              \n                        \n        \u003Ch4 class=\u0022teaser-content--headline\u0022\u003E\n                                Hydrogeit Verlag \u00fcbergibt die HZwei an den Gentner \n                              \u003Cspan class=\u0022headline-last-word-arrow\u0022\u003EVerlag                      \u003C\/span\u003E\n        \u003C\/h4\u003E\n            \u003Cdiv class=\u0022teaser-content--publishing-date\u0022\u003E\u003Ctime datetime=\u00222025-03-13T12:39:11Z\u0022\u003E13.03.2025\u003C\/time\u003E\n\u003C\/div\u003E\u003Cspan class=\u0022teaser-content--publishing-date-divider\u0022\u003E - \u003C\/span\u003E\u003Cdiv class=\u0022teaser-content--body\u0022\u003E\u003Cp\u003EDie Gentner Energy Media GmbH, ein Unternehmen der Gentner Verlagsgruppe, wird mit Wirkung zum 1. April 2025 die \u201eHZwei \u2013 Das Magazin f\u00fcr Wasserstoff und Brennstoffzellen\u201c vom Hydrogeit Verlag \u00fcbernehmen. Die HZwei ist eine renommierte Fachpublikation, die seit mehr als 25 Jahren umfassend \u00fcber die Entwicklung in der H2- und Brennstoffzellen-technik, Elektromobilit\u00e4t und Energiespeicherung berichtet. Den Schwerpunkt bilden detaillierte Fachbeitr\u00e4ge von Experten aus Wissenschaft, Forschung und Praxis. Dar\u00fcber hinaus richtet sich der Schwester-Titel \u201eH2-International \u2013 The e-journal on Hydrogen and Fuel Cells\u201c an eine englischsprachige Fach-Zielgruppe.\u003C\/p\u003E\n\u003C\/div\u003E\n                        \u003Cspan class=\u0022read-more-arrow-container\u0022\u003E\n            \u003Cspan class=\u0022read-more-angled-arrow\u0022\u003E \u003C\/span\u003E\n          \u003C\/span\u003E\n                  \u003C\/div\u003E\n    \u003C\/a\u003E\n\u003Ca href=\u0022\/international\/interview-mit-erkam-kocakerim-ceo-von-limak-cement-global-groesster-wandel-der\u0022  class=\u0022teaser teaser--standard\u0022 aria-label=\u0022Gr\u00f6\u00dfter Wandel in der Geschichte der Zementindustrie\u0022\u003E\n      \u003Cdiv class=\u0022teaser-content--image\u0022\u003E\n        \u003Cfigure class=\u0022image--figure\u0022\u003E\n        \u003Cpicture\u003E\n                        \u003Csource srcset=\u0022\/sites\/default\/files\/styles\/teaser_standard__m\/public\/2025-03\/limak-cement-global-ceo_su-erkam-kocakerim-gorsel-1-1k-jpeg.jpg.webp?itok=WLXgxFIp 1x\u0022 media=\u0022(min-width: 48.0625em) and (max-width: 64em)\u0022 type=\u0022image\/webp\u0022 width=\u0022323\u0022 height=\u0022216\u0022\/\u003E\n                  \u003Csource srcset=\u0022\/sites\/default\/files\/styles\/teaser_standard__l\/public\/2025-03\/limak-cement-global-ceo_su-erkam-kocakerim-gorsel-1-1k-jpeg.jpg.webp?itok=orD_rc0C 1x\u0022 media=\u0022(min-width: 64.0625em)\u0022 type=\u0022image\/webp\u0022 width=\u0022203\u0022 height=\u0022135\u0022\/\u003E\n                  \u003Csource srcset=\u0022\/sites\/default\/files\/styles\/teaser_standard__m\/public\/2025-03\/limak-cement-global-ceo_su-erkam-kocakerim-gorsel-1-1k-jpeg.jpg?itok=wEHm-EBQ 1x\u0022 media=\u0022(min-width: 48.0625em) and (max-width: 64em)\u0022 type=\u0022image\/jpeg\u0022 width=\u0022323\u0022 height=\u0022216\u0022\/\u003E\n                  \u003Csource srcset=\u0022\/sites\/default\/files\/styles\/teaser_standard__l\/public\/2025-03\/limak-cement-global-ceo_su-erkam-kocakerim-gorsel-1-1k-jpeg.jpg?itok=5w0Za7vm 1x\u0022 media=\u0022(min-width: 64.0625em)\u0022 type=\u0022image\/jpeg\u0022 width=\u0022203\u0022 height=\u0022135\u0022\/\u003E\n                          \u003Cimg loading=\u0022eager\u0022 data-caption-hide width=\u0022597\u0022 height=\u0022398\u0022 alt=\u0022Erkam Kocakerim\u0022 data-zoomed=\u0022https:\/\/www.hzwei.info\/sites\/default\/files\/styles\/content__zoomed\/public\/2025-03\/limak-cement-global-ceo_su-erkam-kocakerim-gorsel-1-1k-jpeg.jpg?itok=So3iW_vY\u0022 src=\u0022\/sites\/default\/files\/styles\/teaser_standard__s\/public\/2025-03\/limak-cement-global-ceo_su-erkam-kocakerim-gorsel-1-1k-jpeg.jpg?itok=IqJLNUIV\u0022 title=\u0022\u00a9 Limak\u0022 \/\u003E\n\n    \u003C\/picture\u003E\n      \u003Cfigcaption class=\u0022image--figcaption\u0022\u003E\n          \u003Cdiv class=\u0022copyright\u0022\u003ELimak\u003C\/div\u003E\n          \u003C\/figcaption\u003E\n\u003C\/figure\u003E\n\n\n    \u003C\/div\u003E\n    \u003Cdiv class=\u0022teaser-content\u0022\u003E\n                    \u003Cdiv class=\u0022teaser-content--kicker\u0022\u003E\n                    Interview mit Erkam Kocakerim, CEO von Limak Cement Global\n        \u003C\/div\u003E\n                                              \n                        \n        \u003Ch4 class=\u0022teaser-content--headline\u0022\u003E\n                                Gr\u00f6\u00dfter Wandel in der Geschichte der \n                              \u003Cspan class=\u0022headline-last-word-arrow\u0022\u003EZementindustrie                      \u003C\/span\u003E\n        \u003C\/h4\u003E\n            \u003Cdiv class=\u0022teaser-content--publishing-date\u0022\u003E\u003Ctime datetime=\u00222025-03-04T09:44:42Z\u0022\u003E04.03.2025\u003C\/time\u003E\n\u003C\/div\u003E\u003Cspan class=\u0022teaser-content--publishing-date-divider\u0022\u003E - \u003C\/span\u003E\u003Cdiv class=\u0022teaser-content--body\u0022\u003E\u003Cp\u003EDie Limak Cement Group hat gemeinsam mit Air Liquide in Ankara erfolgreich die erste Wasserstoffmischversorgung f\u00fcr die Zementproduktion getestet. HZwei hat dar\u00fcber mit Erkam Kocakerim, dem CEO von Limak Cement Global, gesprochen.\u003C\/p\u003E\n\u003C\/div\u003E\n                        \u003Cspan class=\u0022read-more-arrow-container\u0022\u003E\n            \u003Cspan class=\u0022read-more-angled-arrow\u0022\u003E \u003C\/span\u003E\n          \u003C\/span\u003E\n                  \u003C\/div\u003E\n    \u003C\/a\u003E\n\u003Ca href=\u0022\/international\/nachhaltige-energieversorgung-auf-wasserstoffbasis-microgrids-fuer-suedafrika-namibia\u0022  class=\u0022teaser teaser--standard\u0022 aria-label=\u0022Microgrids f\u00fcr S\u00fcdafrika, Namibia, Ukraine\u0022\u003E\n      \u003Cdiv class=\u0022teaser-content--image\u0022\u003E\n        \u003Cfigure class=\u0022image--figure\u0022\u003E\n        \u003Cpicture\u003E\n                        \u003Csource srcset=\u0022\/sites\/default\/files\/styles\/teaser_standard__m\/public\/2025-02\/abbildung-0-kopie.jpg.webp?itok=U_vSduTO 1x\u0022 media=\u0022(min-width: 48.0625em) and (max-width: 64em)\u0022 type=\u0022image\/webp\u0022 width=\u0022323\u0022 height=\u0022242\u0022\/\u003E\n                  \u003Csource srcset=\u0022\/sites\/default\/files\/styles\/teaser_standard__l\/public\/2025-02\/abbildung-0-kopie.jpg.webp?itok=5oVaVFbo 1x\u0022 media=\u0022(min-width: 64.0625em)\u0022 type=\u0022image\/webp\u0022 width=\u0022203\u0022 height=\u0022152\u0022\/\u003E\n                  \u003Csource srcset=\u0022\/sites\/default\/files\/styles\/teaser_standard__m\/public\/2025-02\/abbildung-0-kopie.jpg?itok=jMIvb9DI 1x\u0022 media=\u0022(min-width: 48.0625em) and (max-width: 64em)\u0022 type=\u0022image\/jpeg\u0022 width=\u0022323\u0022 height=\u0022242\u0022\/\u003E\n                  \u003Csource srcset=\u0022\/sites\/default\/files\/styles\/teaser_standard__l\/public\/2025-02\/abbildung-0-kopie.jpg?itok=XJYUgz80 1x\u0022 media=\u0022(min-width: 64.0625em)\u0022 type=\u0022image\/jpeg\u0022 width=\u0022203\u0022 height=\u0022152\u0022\/\u003E\n                          \u003Cimg loading=\u0022eager\u0022 data-caption-hide width=\u0022532\u0022 height=\u0022398\u0022 alt=\u0022Hydrogen Tryout Areal\u0022 data-zoomed=\u0022https:\/\/www.hzwei.info\/sites\/default\/files\/styles\/content__zoomed\/public\/2025-02\/abbildung-0-kopie.jpg?itok=Cw9vnGjY\u0022 src=\u0022\/sites\/default\/files\/styles\/teaser_standard__s\/public\/2025-02\/abbildung-0-kopie.jpg?itok=j_a2NiRH\u0022 title=\u0022\u00a9 Referenzfabrik.H2@Fraunhofer IWU\u0022 \/\u003E\n\n    \u003C\/picture\u003E\n      \u003Cfigcaption class=\u0022image--figcaption\u0022\u003E\n          \u003Cdiv class=\u0022copyright\u0022\u003EReferenzfabrik.H2@Fraunhofer IWU\u003C\/div\u003E\n          \u003C\/figcaption\u003E\n\u003C\/figure\u003E\n\n\n    \u003C\/div\u003E\n    \u003Cdiv class=\u0022teaser-content\u0022\u003E\n                    \u003Cdiv class=\u0022teaser-content--kicker\u0022\u003E\n                    Nachhaltige Energieversorgung auf Wasserstoffbasis\n        \u003C\/div\u003E\n                                              \n                        \n        \u003Ch4 class=\u0022teaser-content--headline\u0022\u003E\n                                Microgrids f\u00fcr S\u00fcdafrika, Namibia, \n                              \u003Cspan class=\u0022headline-last-word-arrow\u0022\u003EUkraine                      \u003C\/span\u003E\n        \u003C\/h4\u003E\n            \u003Cdiv class=\u0022teaser-content--publishing-date\u0022\u003E\u003Ctime datetime=\u00222025-02-21T13:39:57Z\u0022\u003E21.02.2025\u003C\/time\u003E\n\u003C\/div\u003E\u003Cspan class=\u0022teaser-content--publishing-date-divider\u0022\u003E - \u003C\/span\u003E\u003Cdiv class=\u0022teaser-content--body\u0022\u003E\u003Cp\u003EIn Schwellen- und Entwicklungsl\u00e4ndern, aber auch in Krisengebieten bestehen vielf\u00e4ltige M\u00f6glichkeiten, mit Wasserstoff Energiearmut zu \u00fcberwinden und eine verl\u00e4ssliche, CO2-neutrale Stromversorgung aufzubauen. In diesem Zusammenhang spielen Microgrids auf Wasserstoffbasis eine entscheidende Rolle. In Form dieser k\u00f6nnen auf der Fl\u00e4che eines Hochseecontainers Wasserstoff erzeugende Elektrolyseure, Flaschenb\u00fcndel zur Speicherung des Wasserstoffs und Brennstoffzellensysteme zur R\u00fcckverstromung untergebracht werden. Sie helfen, erneuerbare Energie f\u00fcr eine sp\u00e4tere Nutzung zu konservieren.\u003C\/p\u003E\n\u003C\/div\u003E\n                        \u003Cspan class=\u0022read-more-arrow-container\u0022\u003E\n            \u003Cspan class=\u0022read-more-angled-arrow\u0022\u003E \u003C\/span\u003E\n          \u003C\/span\u003E\n                  \u003C\/div\u003E\n    \u003C\/a\u003E\n\u003Ca href=\u0022\/tankstellen\/h2-hubs-als-schluessel-fuer-eine-nachhaltige-und-effiziente-wasserstoffmobilitaet-now\u0022  class=\u0022teaser teaser--standard\u0022 aria-label=\u0022NOW-Studie \u00fcber Wasserstoffdistribution\u0022\u003E\n      \u003Cdiv class=\u0022teaser-content--image\u0022\u003E\n        \u003Cfigure class=\u0022image--figure\u0022\u003E\n        \u003Cpicture\u003E\n                        \u003Csource srcset=\u0022\/sites\/default\/files\/styles\/teaser_standard__m\/public\/2025-02\/karte-kopie.jpg.webp?itok=zF1MFOCm 1x\u0022 media=\u0022(min-width: 48.0625em) and (max-width: 64em)\u0022 type=\u0022image\/webp\u0022 width=\u0022178\u0022 height=\u0022242\u0022\/\u003E\n                  \u003Csource srcset=\u0022\/sites\/default\/files\/styles\/teaser_standard__l\/public\/2025-02\/karte-kopie.jpg.webp?itok=gf5VHM91 1x\u0022 media=\u0022(min-width: 64.0625em)\u0022 type=\u0022image\/webp\u0022 width=\u0022112\u0022 height=\u0022152\u0022\/\u003E\n                  \u003Csource srcset=\u0022\/sites\/default\/files\/styles\/teaser_standard__m\/public\/2025-02\/karte-kopie.jpg?itok=qTJFhbLj 1x\u0022 media=\u0022(min-width: 48.0625em) and (max-width: 64em)\u0022 type=\u0022image\/jpeg\u0022 width=\u0022178\u0022 height=\u0022242\u0022\/\u003E\n                  \u003Csource srcset=\u0022\/sites\/default\/files\/styles\/teaser_standard__l\/public\/2025-02\/karte-kopie.jpg?itok=2LHweG9z 1x\u0022 media=\u0022(min-width: 64.0625em)\u0022 type=\u0022image\/jpeg\u0022 width=\u0022112\u0022 height=\u0022152\u0022\/\u003E\n                          \u003Cimg loading=\u0022eager\u0022 data-caption-hide width=\u0022293\u0022 height=\u0022398\u0022 alt=\u0022Karte des geplanten H\u2082-Kernnetzes in Deutschland mit der geplanten Infrastruktur sowie den Verbindungen von Erzeugungs- und Verbrauchsregionen\u0022 data-zoomed=\u0022https:\/\/www.hzwei.info\/sites\/default\/files\/styles\/content__zoomed\/public\/2025-02\/karte-kopie.jpg?itok=uQzXMt3S\u0022 src=\u0022\/sites\/default\/files\/styles\/teaser_standard__s\/public\/2025-02\/karte-kopie.jpg?itok=YSD9AnoI\u0022 title=\u0022\u00a9 Bundesnetzagentur\u0022 \/\u003E\n\n    \u003C\/picture\u003E\n      \u003Cfigcaption class=\u0022image--figcaption\u0022\u003E\n          \u003Cdiv class=\u0022copyright\u0022\u003EBundesnetzagentur\u003C\/div\u003E\n          \u003C\/figcaption\u003E\n\u003C\/figure\u003E\n\n\n    \u003C\/div\u003E\n    \u003Cdiv class=\u0022teaser-content\u0022\u003E\n                    \u003Cdiv class=\u0022teaser-content--kicker\u0022\u003E\n                    H\u2082-Hubs als Schl\u00fcssel f\u00fcr eine nachhaltige und effiziente Wasserstoffmobilit\u00e4t\n        \u003C\/div\u003E\n                                              \n                        \n        \u003Ch4 class=\u0022teaser-content--headline\u0022\u003E\n                                NOW-Studie \u00fcber \n                              \u003Cspan class=\u0022headline-last-word-arrow\u0022\u003EWasserstoffdistribution                      \u003C\/span\u003E\n        \u003C\/h4\u003E\n            \u003Cdiv class=\u0022teaser-content--publishing-date\u0022\u003E\u003Ctime datetime=\u00222025-02-17T12:35:30Z\u0022\u003E17.02.2025\u003C\/time\u003E\n\u003C\/div\u003E\u003Cspan class=\u0022teaser-content--publishing-date-divider\u0022\u003E - \u003C\/span\u003E\u003Cdiv class=\u0022teaser-content--body\u0022\u003E\u003Cp\u003EDie Verkehrswende ist ein zentraler Baustein der deutschen Klimaschutzstrategie. Wasserstoff gilt dabei als entscheidender Energietr\u00e4ger, vor allem im Schwerlastverkehr. Doch wie k\u00f6nnen Wasserstofftankstellen (Hydrogen Refueling Stations \u2013 HRS) effizient, nachhaltig und wirtschaftlich mit Wasserstoff versorgt werden? Eine gemeinsame Studie der Nationalen Organisation Wasserstoff- und Brennstoffzellentechnologie (NOW GmbH) und der Deutschen Energie-Agentur (dena) untersucht vier Versorgungsoptionen \u00fcber ein zuk\u00fcnftiges H\u2082-Pipelinenetz. H\u2082-Hubs als Verbindungselementen zwischen dem entstehenden H\u2082-Netz und den HRS kommt dabei eine besondere Bedeutung zu.\u003C\/p\u003E\n\u003C\/div\u003E\n                        \u003Cspan class=\u0022read-more-arrow-container\u0022\u003E\n            \u003Cspan class=\u0022read-more-angled-arrow\u0022\u003E \u003C\/span\u003E\n          \u003C\/span\u003E\n                  \u003C\/div\u003E\n    \u003C\/a\u003E\n\u003Ca href=\u0022\/unternehmen\/proton-motor-entlaesst-mitarbeitende\u0022  class=\u0022teaser teaser--standard\u0022 aria-label=\u0022Proton Motor entl\u00e4sst Mitarbeitende\u0022\u003E\n      \u003Cdiv class=\u0022teaser-content--image\u0022\u003E\n        \u003Cfigure class=\u0022image--figure\u0022\u003E\n        \u003Cpicture\u003E\n                        \u003Csource srcset=\u0022\/sites\/default\/files\/styles\/teaser_standard__m\/public\/2024-12\/brk208_bild3-1k-jpeg.jpg.webp?itok=QsT9ywW0 1x\u0022 media=\u0022(min-width: 48.0625em) and (max-width: 64em)\u0022 type=\u0022image\/webp\u0022 width=\u0022323\u0022 height=\u0022215\u0022\/\u003E\n                  \u003Csource srcset=\u0022\/sites\/default\/files\/styles\/teaser_standard__l\/public\/2024-12\/brk208_bild3-1k-jpeg.jpg.webp?itok=PPookwzx 1x\u0022 media=\u0022(min-width: 64.0625em)\u0022 type=\u0022image\/webp\u0022 width=\u0022203\u0022 height=\u0022135\u0022\/\u003E\n                  \u003Csource srcset=\u0022\/sites\/default\/files\/styles\/teaser_standard__m\/public\/2024-12\/brk208_bild3-1k-jpeg.jpg?itok=3acZuc0b 1x\u0022 media=\u0022(min-width: 48.0625em) and (max-width: 64em)\u0022 type=\u0022image\/jpeg\u0022 width=\u0022323\u0022 height=\u0022215\u0022\/\u003E\n                  \u003Csource srcset=\u0022\/sites\/default\/files\/styles\/teaser_standard__l\/public\/2024-12\/brk208_bild3-1k-jpeg.jpg?itok=E4gv06bq 1x\u0022 media=\u0022(min-width: 64.0625em)\u0022 type=\u0022image\/jpeg\u0022 width=\u0022203\u0022 height=\u0022135\u0022\/\u003E\n                          \u003Cimg loading=\u0022eager\u0022 data-caption-hide width=\u0022597\u0022 height=\u0022398\u0022 alt=\u0022Das HyShelter\u00ae-System von Proton Motor\u0022 data-zoomed=\u0022https:\/\/www.hzwei.info\/sites\/default\/files\/styles\/content__zoomed\/public\/2024-12\/brk208_bild3-1k-jpeg.jpg?itok=AWA6xxsJ\u0022 src=\u0022\/sites\/default\/files\/styles\/teaser_standard__s\/public\/2024-12\/brk208_bild3-1k-jpeg.jpg?itok=zY9vVANV\u0022 title=\u0022\u00a9 Proton Motor\u0022 \/\u003E\n\n    \u003C\/picture\u003E\n      \u003Cfigcaption class=\u0022image--figcaption\u0022\u003E\n          \u003Cdiv class=\u0022copyright\u0022\u003EProton Motor\u003C\/div\u003E\n          \u003C\/figcaption\u003E\n\u003C\/figure\u003E\n\n\n    \u003C\/div\u003E\n    \u003Cdiv class=\u0022teaser-content\u0022\u003E\n                    \u003Cdiv class=\u0022teaser-content--kicker\u0022\u003E\n                    \n        \u003C\/div\u003E\n                                              \n                        \n        \u003Ch4 class=\u0022teaser-content--headline\u0022\u003E\n                                Proton Motor entl\u00e4sst \n                              \u003Cspan class=\u0022headline-last-word-arrow\u0022\u003EMitarbeitende                      \u003C\/span\u003E\n        \u003C\/h4\u003E\n            \u003Cdiv class=\u0022teaser-content--publishing-date\u0022\u003E\u003Ctime datetime=\u00222024-12-16T08:39:11Z\u0022\u003E16.12.2024\u003C\/time\u003E\n\u003C\/div\u003E\u003Cspan class=\u0022teaser-content--publishing-date-divider\u0022\u003E - \u003C\/span\u003E\u003Cdiv class=\u0022teaser-content--body\u0022\u003E  \u003Cp\u003EDer deutsche Brennstoffzellenhersteller Proton Motor hat zum Jahresende 2024 das vorl\u00e4ufige Ende seiner Produktionsaktivit\u00e4ten angek\u00fcndigt, sollte kein neuer Investor gefunden werden. Trotz emsiger Bem\u00fchungen zur Firmenrettung teilte das bayerische Unternehmen Mitte September mit, dass den...\u003C\/p\u003E\n\n\n\u003C\/div\u003E\n                        \u003Cspan class=\u0022read-more-arrow-container\u0022\u003E\n            \u003Cspan class=\u0022read-more-angled-arrow\u0022\u003E \u003C\/span\u003E\n          \u003C\/span\u003E\n                  \u003C\/div\u003E\n    \u003C\/a\u003E\n\u003Ca href=\u0022\/veranstaltungen\/hy-fcell-2024-mit-vielen-ausstellern-aus-der-region-anlaufstelle-fuer\u0022  class=\u0022teaser teaser--standard\u0022 aria-label=\u0022Anlaufstelle f\u00fcr S\u00fcddeutschland\u0022\u003E\n      \u003Cdiv class=\u0022teaser-content--image\u0022\u003E\n        \u003Cfigure class=\u0022image--figure\u0022\u003E\n        \u003Cpicture\u003E\n                        \u003Csource srcset=\u0022\/sites\/default\/files\/styles\/teaser_standard__m\/public\/2024-12\/dsc_0016-mahle-kopie.jpg.webp?itok=jzkBqqDk 1x\u0022 media=\u0022(min-width: 48.0625em) and (max-width: 64em)\u0022 type=\u0022image\/webp\u0022 width=\u0022292\u0022 height=\u0022242\u0022\/\u003E\n                  \u003Csource srcset=\u0022\/sites\/default\/files\/styles\/teaser_standard__l\/public\/2024-12\/dsc_0016-mahle-kopie.jpg.webp?itok=H-XuTDda 1x\u0022 media=\u0022(min-width: 64.0625em)\u0022 type=\u0022image\/webp\u0022 width=\u0022184\u0022 height=\u0022152\u0022\/\u003E\n                  \u003Csource srcset=\u0022\/sites\/default\/files\/styles\/teaser_standard__m\/public\/2024-12\/dsc_0016-mahle-kopie.jpg?itok=YfRM8zFU 1x\u0022 media=\u0022(min-width: 48.0625em) and (max-width: 64em)\u0022 type=\u0022image\/jpeg\u0022 width=\u0022292\u0022 height=\u0022242\u0022\/\u003E\n                  \u003Csource srcset=\u0022\/sites\/default\/files\/styles\/teaser_standard__l\/public\/2024-12\/dsc_0016-mahle-kopie.jpg?itok=LwsrL3FE 1x\u0022 media=\u0022(min-width: 64.0625em)\u0022 type=\u0022image\/jpeg\u0022 width=\u0022184\u0022 height=\u0022152\u0022\/\u003E\n                          \u003Cimg loading=\u0022eager\u0022 data-caption-hide width=\u0022480\u0022 height=\u0022398\u0022 alt=\u0022Arnd Franz, der Vorsitzende der Konzern-Gesch\u00e4ftsf\u00fchrung der Mahle Group\u0022 data-zoomed=\u0022https:\/\/www.hzwei.info\/sites\/default\/files\/styles\/content__zoomed\/public\/2024-12\/dsc_0016-mahle-kopie.jpg?itok=dagLrZBA\u0022 src=\u0022\/sites\/default\/files\/styles\/teaser_standard__s\/public\/2024-12\/dsc_0016-mahle-kopie.jpg?itok=zvBSfx5a\u0022 title=\u0022\u00a9 Mahle Group\u0022 \/\u003E\n\n    \u003C\/picture\u003E\n      \u003Cfigcaption class=\u0022image--figcaption\u0022\u003E\n          \u003Cdiv class=\u0022copyright\u0022\u003EMahle Group\u003C\/div\u003E\n          \u003C\/figcaption\u003E\n\u003C\/figure\u003E\n\n\n    \u003C\/div\u003E\n    \u003Cdiv class=\u0022teaser-content\u0022\u003E\n                    \u003Cdiv class=\u0022teaser-content--kicker\u0022\u003E\n                    hy-fcell 2024 mit vielen Ausstellern aus der Region\n        \u003C\/div\u003E\n                                              \n                        \n        \u003Ch4 class=\u0022teaser-content--headline\u0022\u003E\n                                Anlaufstelle f\u00fcr \n                              \u003Cspan class=\u0022headline-last-word-arrow\u0022\u003ES\u00fcddeutschland                      \u003C\/span\u003E\n        \u003C\/h4\u003E\n            \u003Cdiv class=\u0022teaser-content--publishing-date\u0022\u003E\u003Ctime datetime=\u00222024-12-10T14:18:17Z\u0022\u003E10.12.2024\u003C\/time\u003E\n\u003C\/div\u003E\u003Cspan class=\u0022teaser-content--publishing-date-divider\u0022\u003E - \u003C\/span\u003E\u003Cdiv class=\u0022teaser-content--body\u0022\u003E\u003Cp\u003EEine sch\u00f6ne Regionalmesse in S\u00fcddeutschland \u2013 insbesondere f\u00fcr die Zulieferfirmen in und um Stuttgart. Was sich bereits 2023 bei der hy-fcell abzeichnete, wurde am 8. und 9. Oktober 2024 best\u00e4tigt: Die urspr\u00fcnglich als internationales Symposium mit begleitender Ausstellung konzipierte Veranstaltung b\u00fc\u00dft im europaweiten Event-Wettbewerb an Bedeutung ein, intensiviert aber den Kontakt nach Afrika.\u003C\/p\u003E\n\u003C\/div\u003E\n                        \u003Cspan class=\u0022read-more-arrow-container\u0022\u003E\n            \u003Cspan class=\u0022read-more-angled-arrow\u0022\u003E \u003C\/span\u003E\n          \u003C\/span\u003E\n                  \u003C\/div\u003E\n    \u003C\/a\u003E\n\u003Ca href=\u0022\/fahrzeuge\/dynamisch-energetische-optimierung-von-leichten-bz-nutzfahrzeugen-entwicklungsplattform\u0022  class=\u0022teaser teaser--standard\u0022 aria-label=\u0022Entwicklungsplattform cleanEngine\u0022\u003E\n      \u003Cdiv class=\u0022teaser-content--image\u0022\u003E\n        \u003Cfigure class=\u0022image--figure\u0022\u003E\n        \u003Cpicture\u003E\n                        \u003Csource srcset=\u0022\/sites\/default\/files\/styles\/teaser_standard__m\/public\/2024-10\/abbildung_1-kopie.jpg.webp?itok=aqVQIsnN 1x\u0022 media=\u0022(min-width: 48.0625em) and (max-width: 64em)\u0022 type=\u0022image\/webp\u0022 width=\u0022323\u0022 height=\u0022184\u0022\/\u003E\n                  \u003Csource srcset=\u0022\/sites\/default\/files\/styles\/teaser_standard__l\/public\/2024-10\/abbildung_1-kopie.jpg.webp?itok=P8aH7OcD 1x\u0022 media=\u0022(min-width: 64.0625em)\u0022 type=\u0022image\/webp\u0022 width=\u0022203\u0022 height=\u0022116\u0022\/\u003E\n                  \u003Csource srcset=\u0022\/sites\/default\/files\/styles\/teaser_standard__m\/public\/2024-10\/abbildung_1-kopie.jpg?itok=BSC36uEp 1x\u0022 media=\u0022(min-width: 48.0625em) and (max-width: 64em)\u0022 type=\u0022image\/jpeg\u0022 width=\u0022323\u0022 height=\u0022184\u0022\/\u003E\n                  \u003Csource srcset=\u0022\/sites\/default\/files\/styles\/teaser_standard__l\/public\/2024-10\/abbildung_1-kopie.jpg?itok=_czQ6aeg 1x\u0022 media=\u0022(min-width: 64.0625em)\u0022 type=\u0022image\/jpeg\u0022 width=\u0022203\u0022 height=\u0022116\u0022\/\u003E\n                          \u003Cimg loading=\u0022eager\u0022 data-caption-hide width=\u0022698\u0022 height=\u0022398\u0022 alt=\u0022H2-Versuchsanlage. Links: Laborcontainer mit Leitstand und Flaschenlager; Mitte: Container f\u00fcr Traktionsakku; rechts: Batteriespeicher\u0022 data-zoomed=\u0022https:\/\/www.hzwei.info\/sites\/default\/files\/styles\/content__zoomed\/public\/2024-10\/abbildung_1-kopie.jpg?itok=YIUZvKbM\u0022 src=\u0022\/sites\/default\/files\/styles\/teaser_standard__s\/public\/2024-10\/abbildung_1-kopie.jpg?itok=gBsnmZTO\u0022 title=\u0022\u00a9 Hochschule Kempten\u0022 \/\u003E\n\n    \u003C\/picture\u003E\n      \u003Cfigcaption class=\u0022image--figcaption\u0022\u003E\n          \u003Cdiv class=\u0022copyright\u0022\u003EHochschule Kempten\u003C\/div\u003E\n          \u003C\/figcaption\u003E\n\u003C\/figure\u003E\n\n\n    \u003C\/div\u003E\n    \u003Cdiv class=\u0022teaser-content\u0022\u003E\n                    \u003Cdiv class=\u0022teaser-content--kicker\u0022\u003E\n                    Dynamisch-energetische Optimierung von leichten BZ-Nutzfahrzeugen\n        \u003C\/div\u003E\n                                              \n                        \n        \u003Ch4 class=\u0022teaser-content--headline\u0022\u003E\n                                Entwicklungsplattform \n                              \u003Cspan class=\u0022headline-last-word-arrow\u0022\u003EcleanEngine                      \u003C\/span\u003E\n        \u003C\/h4\u003E\n            \u003Cdiv class=\u0022teaser-content--publishing-date\u0022\u003E\u003Ctime datetime=\u00222024-10-23T09:43:17Z\u0022\u003E23.10.2024\u003C\/time\u003E\n\u003C\/div\u003E\u003Cspan class=\u0022teaser-content--publishing-date-divider\u0022\u003E - \u003C\/span\u003E\u003Cdiv class=\u0022teaser-content--body\u0022\u003E\u003Cp\u003EDie Herausforderung bei der Auslegung eines brennstoffzellenelektrischen Antriebs besteht in der fahrzeug- und fahrzeuganwendungsspezifischen Dimensionierung der Komponenten des Antriebsstrangs. Als wesentliche Parameter, die f\u00fcr eine Optimierung zu ber\u00fccksichtigen sind, gelten die Brennstoffzellenleistung, die Dynamik der Brennstoffzelle, die Masse an Wasserstoff im Tank, die Kapazit\u00e4t und die maximale Ladeleistung der HV-Batterie, die Leistung der Antriebsmaschine im motorischen und generatorischen Betrieb sowie auch das dynamische Verhalten der Wandler.\u003C\/p\u003E\n\u003C\/div\u003E\n                        \u003Cspan class=\u0022read-more-arrow-container\u0022\u003E\n            \u003Cspan class=\u0022read-more-angled-arrow\u0022\u003E \u003C\/span\u003E\n          \u003C\/span\u003E\n                  \u003C\/div\u003E\n    \u003C\/a\u003E\n\u003Ca href=\u0022\/forschung-und-entwicklung\/metallhydridspeicher-als-komplettsystem-wasserstoff-scheibchenweise\u0022  class=\u0022teaser teaser--standard\u0022 aria-label=\u0022Wasserstoff scheibchenweise\u0022\u003E\n      \u003Cdiv class=\u0022teaser-content--image\u0022\u003E\n        \u003Cfigure class=\u0022image--figure\u0022\u003E\n        \u003Cpicture\u003E\n                        \u003Csource srcset=\u0022\/sites\/default\/files\/styles\/teaser_standard__m\/public\/2024-10\/gkn-hydrogen_referenzbild-nrel-kopie.jpg.webp?itok=hUWti2J3 1x\u0022 media=\u0022(min-width: 48.0625em) and (max-width: 64em)\u0022 type=\u0022image\/webp\u0022 width=\u0022323\u0022 height=\u0022181\u0022\/\u003E\n                  \u003Csource srcset=\u0022\/sites\/default\/files\/styles\/teaser_standard__l\/public\/2024-10\/gkn-hydrogen_referenzbild-nrel-kopie.jpg.webp?itok=nEYV_iHG 1x\u0022 media=\u0022(min-width: 64.0625em)\u0022 type=\u0022image\/webp\u0022 width=\u0022203\u0022 height=\u0022114\u0022\/\u003E\n                  \u003Csource srcset=\u0022\/sites\/default\/files\/styles\/teaser_standard__m\/public\/2024-10\/gkn-hydrogen_referenzbild-nrel-kopie.jpg?itok=i18Sn6N0 1x\u0022 media=\u0022(min-width: 48.0625em) and (max-width: 64em)\u0022 type=\u0022image\/jpeg\u0022 width=\u0022323\u0022 height=\u0022181\u0022\/\u003E\n                  \u003Csource srcset=\u0022\/sites\/default\/files\/styles\/teaser_standard__l\/public\/2024-10\/gkn-hydrogen_referenzbild-nrel-kopie.jpg?itok=DzYGuDc6 1x\u0022 media=\u0022(min-width: 64.0625em)\u0022 type=\u0022image\/jpeg\u0022 width=\u0022203\u0022 height=\u0022114\u0022\/\u003E\n                          \u003Cimg loading=\u0022eager\u0022 data-caption-hide width=\u0022708\u0022 height=\u0022398\u0022 alt=\u0022 In einem Projekt des National Renewable Energy Laboratory (NREL) wird ein Speicher von GKN Hydrogen in einem Microgrid erprobt\u0022 data-zoomed=\u0022https:\/\/www.hzwei.info\/sites\/default\/files\/styles\/content__zoomed\/public\/2024-10\/gkn-hydrogen_referenzbild-nrel-kopie.jpg?itok=y-CZen_e\u0022 src=\u0022\/sites\/default\/files\/styles\/teaser_standard__s\/public\/2024-10\/gkn-hydrogen_referenzbild-nrel-kopie.jpg?itok=QWl7jfnq\u0022 title=\u0022\u00a9 GKN Hydrogen\u0022 \/\u003E\n\n    \u003C\/picture\u003E\n      \u003Cfigcaption class=\u0022image--figcaption\u0022\u003E\n          \u003Cdiv class=\u0022copyright\u0022\u003EGKN Hydrogen\u003C\/div\u003E\n          \u003C\/figcaption\u003E\n\u003C\/figure\u003E\n\n\n    \u003C\/div\u003E\n    \u003Cdiv class=\u0022teaser-content\u0022\u003E\n                    \u003Cdiv class=\u0022teaser-content--kicker\u0022\u003E\n                    Metallhydridspeicher als Komplettsystem\n        \u003C\/div\u003E\n                                              \n                        \n        \u003Ch4 class=\u0022teaser-content--headline\u0022\u003E\n                                Wasserstoff \n                              \u003Cspan class=\u0022headline-last-word-arrow\u0022\u003Escheibchenweise                      \u003C\/span\u003E\n        \u003C\/h4\u003E\n            \u003Cdiv class=\u0022teaser-content--publishing-date\u0022\u003E\u003Ctime datetime=\u00222024-10-23T09:36:01Z\u0022\u003E23.10.2024\u003C\/time\u003E\n\u003C\/div\u003E\u003Cspan class=\u0022teaser-content--publishing-date-divider\u0022\u003E - \u003C\/span\u003E\u003Cdiv class=\u0022teaser-content--body\u0022\u003E\u003Cp\u003EIn den scheibenf\u00f6rmigen Pellets aus Metallhydridpulver von GKN Hydrogen l\u00e4sst sich Wasserstoff \u00fcber lange Zeit sicher speichern. Der Wasserstoffpionier aus dem norditalienischen Pfalzen hat ein Speicher-Komplettsystem im Containerformat entwickelt und geh\u00f6rt seit August 2024 zum britischen Maschinenbaukonzern Langley.\u003C\/p\u003E\n\u003C\/div\u003E\n                        \u003Cspan class=\u0022read-more-arrow-container\u0022\u003E\n            \u003Cspan class=\u0022read-more-angled-arrow\u0022\u003E \u003C\/span\u003E\n          \u003C\/span\u003E\n                  \u003C\/div\u003E\n    \u003C\/a\u003E\n\u003Ca href=\u0022\/foerderung\/dena-studie-fordert-stabile-moeglichkeiten-zur-refinanzierung-fuer-wasserstoff-speicher\u0022  class=\u0022teaser teaser--standard\u0022 aria-label=\u0022Dena-Studie fordert stabile M\u00f6glichkeiten zur Refinanzierung f\u00fcr Wasserstoff-Speicher\u0022\u003E\n      \u003Cdiv class=\u0022teaser-content--image\u0022\u003E\n        \u003Cfigure class=\u0022image--figure\u0022\u003E\n        \u003Cpicture\u003E\n                        \u003Csource srcset=\u0022\/sites\/default\/files\/styles\/teaser_standard__m\/public\/2024-10\/dena-wasserstoff-speicher-studie1.jpg.webp?itok=wUdPfT0A 1x\u0022 media=\u0022(min-width: 48.0625em) and (max-width: 64em)\u0022 type=\u0022image\/webp\u0022 width=\u0022303\u0022 height=\u0022242\u0022\/\u003E\n                  \u003Csource srcset=\u0022\/sites\/default\/files\/styles\/teaser_standard__l\/public\/2024-10\/dena-wasserstoff-speicher-studie1.jpg.webp?itok=M7vT5_ny 1x\u0022 media=\u0022(min-width: 64.0625em)\u0022 type=\u0022image\/webp\u0022 width=\u0022191\u0022 height=\u0022152\u0022\/\u003E\n                  \u003Csource srcset=\u0022\/sites\/default\/files\/styles\/teaser_standard__m\/public\/2024-10\/dena-wasserstoff-speicher-studie1.jpg?itok=E6PKCnMD 1x\u0022 media=\u0022(min-width: 48.0625em) and (max-width: 64em)\u0022 type=\u0022image\/jpeg\u0022 width=\u0022303\u0022 height=\u0022242\u0022\/\u003E\n                  \u003Csource srcset=\u0022\/sites\/default\/files\/styles\/teaser_standard__l\/public\/2024-10\/dena-wasserstoff-speicher-studie1.jpg?itok=DmBQiHGW 1x\u0022 media=\u0022(min-width: 64.0625em)\u0022 type=\u0022image\/jpeg\u0022 width=\u0022191\u0022 height=\u0022152\u0022\/\u003E\n                          \u003Cimg loading=\u0022eager\u0022 data-caption-hide width=\u0022499\u0022 height=\u0022398\u0022 alt=\u0022Dena Wasserstoff-Speicher Studie\u0022 data-zoomed=\u0022https:\/\/www.hzwei.info\/sites\/default\/files\/styles\/content__zoomed\/public\/2024-10\/dena-wasserstoff-speicher-studie1.jpg?itok=rNYhM9gm\u0022 src=\u0022\/sites\/default\/files\/styles\/teaser_standard__s\/public\/2024-10\/dena-wasserstoff-speicher-studie1.jpg?itok=TxL8SkNf\u0022 title=\u0022\u00a9 Dena\u0022 \/\u003E\n\n    \u003C\/picture\u003E\n      \u003Cfigcaption class=\u0022image--figcaption\u0022\u003E\n          \u003Cdiv class=\u0022copyright\u0022\u003EDena\u003C\/div\u003E\n          \u003C\/figcaption\u003E\n\u003C\/figure\u003E\n\n\n    \u003C\/div\u003E\n    \u003Cdiv class=\u0022teaser-content\u0022\u003E\n                    \u003Cdiv class=\u0022teaser-content--kicker\u0022\u003E\n                    \n        \u003C\/div\u003E\n                                              \n                        \n        \u003Ch4 class=\u0022teaser-content--headline\u0022\u003E\n                                Dena-Studie fordert stabile M\u00f6glichkeiten zur Refinanzierung f\u00fcr \n                              \u003Cspan class=\u0022headline-last-word-arrow\u0022\u003EWasserstoff-Speicher                      \u003C\/span\u003E\n        \u003C\/h4\u003E\n            \u003Cdiv class=\u0022teaser-content--publishing-date\u0022\u003E\u003Ctime datetime=\u00222024-10-21T14:41:47Z\u0022\u003E21.10.2024\u003C\/time\u003E\n\u003C\/div\u003E\u003Cspan class=\u0022teaser-content--publishing-date-divider\u0022\u003E - \u003C\/span\u003E\u003Cdiv class=\u0022teaser-content--body\u0022\u003E  \u003Cp\u003EDie Deutsche Energie-Agentur dena hat eine neue Studie \u00fcber den Bedarf an Wasserstoff-Speichern und ihre Finanzierung ver\u00f6ffentlicht. An der Studie waren auch das Fraunhofer-Institut f\u00fcr System- und Innovationsforschung ISI und die Beratungsfirma Guidehouse beteiligt. Auftraggeber war das...\u003C\/p\u003E\n\n\n\u003C\/div\u003E\n                        \u003Cspan class=\u0022read-more-arrow-container\u0022\u003E\n            \u003Cspan class=\u0022read-more-angled-arrow\u0022\u003E \u003C\/span\u003E\n          \u003C\/span\u003E\n                  \u003C\/div\u003E\n    \u003C\/a\u003E\n\u003Ca href=\u0022\/e-fuels-und-h2-derivate\/haendlervereinigung-zeta-will-handel-mit-gruenem-wasserstoff-global\u0022  class=\u0022teaser teaser--standard\u0022 aria-label=\u0022H\u00e4ndlervereinigung Zeta will Handel mit \u201egr\u00fcnem\u0022 Wasserstoff global organisieren\u0022\u003E\n      \u003Cdiv class=\u0022teaser-content--image\u0022\u003E\n        \u003Cfigure class=\u0022image--figure\u0022\u003E\n        \u003Cpicture\u003E\n                        \u003Csource srcset=\u0022\/sites\/default\/files\/styles\/teaser_standard__m\/public\/2024-10\/peter-terium.jpg.webp?itok=XIPROOt9 1x\u0022 media=\u0022(min-width: 48.0625em) and (max-width: 64em)\u0022 type=\u0022image\/webp\u0022 width=\u0022242\u0022 height=\u0022242\u0022\/\u003E\n                  \u003Csource srcset=\u0022\/sites\/default\/files\/styles\/teaser_standard__l\/public\/2024-10\/peter-terium.jpg.webp?itok=gkRliIop 1x\u0022 media=\u0022(min-width: 64.0625em)\u0022 type=\u0022image\/webp\u0022 width=\u0022152\u0022 height=\u0022152\u0022\/\u003E\n                  \u003Csource srcset=\u0022\/sites\/default\/files\/styles\/teaser_standard__m\/public\/2024-10\/peter-terium.jpg?itok=P2Bv5ejw 1x\u0022 media=\u0022(min-width: 48.0625em) and (max-width: 64em)\u0022 type=\u0022image\/jpeg\u0022 width=\u0022242\u0022 height=\u0022242\u0022\/\u003E\n                  \u003Csource srcset=\u0022\/sites\/default\/files\/styles\/teaser_standard__l\/public\/2024-10\/peter-terium.jpg?itok=NdWr_PEi 1x\u0022 media=\u0022(min-width: 64.0625em)\u0022 type=\u0022image\/jpeg\u0022 width=\u0022152\u0022 height=\u0022152\u0022\/\u003E\n                          \u003Cimg loading=\u0022eager\u0022 data-caption-hide width=\u0022398\u0022 height=\u0022398\u0022 alt=\u0022ENOWA-Gesch\u00e4ftsf\u00fchrer Peter Terium\u0022 data-zoomed=\u0022https:\/\/www.hzwei.info\/sites\/default\/files\/styles\/content__zoomed\/public\/2024-10\/peter-terium.jpg?itok=IPM8uEtu\u0022 src=\u0022\/sites\/default\/files\/styles\/teaser_standard__s\/public\/2024-10\/peter-terium.jpg?itok=Vn8_V7bl\u0022 title=\u0022\u00a9 www.neom.com\u0022 \/\u003E\n\n    \u003C\/picture\u003E\n      \u003Cfigcaption class=\u0022image--figcaption\u0022\u003E\n          \u003Cdiv class=\u0022copyright\u0022\u003Ewww.neom.com\u003C\/div\u003E\n          \u003C\/figcaption\u003E\n\u003C\/figure\u003E\n\n\n    \u003C\/div\u003E\n    \u003Cdiv class=\u0022teaser-content\u0022\u003E\n                    \u003Cdiv class=\u0022teaser-content--kicker\u0022\u003E\n                    \n        \u003C\/div\u003E\n                                              \n                        \n        \u003Ch4 class=\u0022teaser-content--headline\u0022\u003E\n                                H\u00e4ndlervereinigung Zeta will Handel mit \u201egr\u00fcnem\u0022 Wasserstoff global \n                              \u003Cspan class=\u0022headline-last-word-arrow\u0022\u003Eorganisieren                      \u003C\/span\u003E\n        \u003C\/h4\u003E\n            \u003Cdiv class=\u0022teaser-content--publishing-date\u0022\u003E\u003Ctime datetime=\u00222024-10-15T13:23:24Z\u0022\u003E15.10.2024\u003C\/time\u003E\n\u003C\/div\u003E\u003Cspan class=\u0022teaser-content--publishing-date-divider\u0022\u003E - \u003C\/span\u003E\u003Cdiv class=\u0022teaser-content--body\u0022\u003E\u003Cp\u003EDie Zero Emissions Traders Alliance (Zeta) will den standardisierten weltweiten Handel mit gr\u00fcnen Energietr\u00e4gern erm\u00f6glichen \u2013 unter anderem mit Wasserstoff und dessen Derivaten wie Ammoniak und Methanol.\u003C\/p\u003E\n\u003C\/div\u003E\n                        \u003Cspan class=\u0022read-more-arrow-container\u0022\u003E\n            \u003Cspan class=\u0022read-more-angled-arrow\u0022\u003E \u003C\/span\u003E\n          \u003C\/span\u003E\n                  \u003C\/div\u003E\n    \u003C\/a\u003E\n\u003Ca href=\u0022\/fertigung-und-komponenten\/bipolarplatten-ohne-titan-im-elektrolyse-stack\u0022  class=\u0022teaser teaser--standard\u0022 aria-label=\u0022Bipolarplatten ohne Titan im Elektrolyse-Stack\u0022\u003E\n      \u003Cdiv class=\u0022teaser-content--image\u0022\u003E\n        \u003Cfigure class=\u0022image--figure\u0022\u003E\n        \u003Cpicture\u003E\n                        \u003Csource srcset=\u0022\/sites\/default\/files\/styles\/teaser_standard__m\/public\/2024-09\/foto-fraunhofer-umsicht-kopie.jpg.webp?itok=tQx3pnTZ 1x\u0022 media=\u0022(min-width: 48.0625em) and (max-width: 64em)\u0022 type=\u0022image\/webp\u0022 width=\u0022323\u0022 height=\u0022242\u0022\/\u003E\n                  \u003Csource srcset=\u0022\/sites\/default\/files\/styles\/teaser_standard__l\/public\/2024-09\/foto-fraunhofer-umsicht-kopie.jpg.webp?itok=ZcKh92w8 1x\u0022 media=\u0022(min-width: 64.0625em)\u0022 type=\u0022image\/webp\u0022 width=\u0022203\u0022 height=\u0022152\u0022\/\u003E\n                  \u003Csource srcset=\u0022\/sites\/default\/files\/styles\/teaser_standard__m\/public\/2024-09\/foto-fraunhofer-umsicht-kopie.jpg?itok=fI-MKV93 1x\u0022 media=\u0022(min-width: 48.0625em) and (max-width: 64em)\u0022 type=\u0022image\/jpeg\u0022 width=\u0022323\u0022 height=\u0022242\u0022\/\u003E\n                  \u003Csource srcset=\u0022\/sites\/default\/files\/styles\/teaser_standard__l\/public\/2024-09\/foto-fraunhofer-umsicht-kopie.jpg?itok=agX5XShI 1x\u0022 media=\u0022(min-width: 64.0625em)\u0022 type=\u0022image\/jpeg\u0022 width=\u0022203\u0022 height=\u0022152\u0022\/\u003E\n                          \u003Cimg loading=\u0022eager\u0022 data-caption-hide width=\u0022531\u0022 height=\u0022398\u0022 alt=\u0022Fraunhofer Umsicht\u0022 data-zoomed=\u0022https:\/\/www.hzwei.info\/sites\/default\/files\/styles\/content__zoomed\/public\/2024-09\/foto-fraunhofer-umsicht-kopie.jpg?itok=Yj-wKZoa\u0022 src=\u0022\/sites\/default\/files\/styles\/teaser_standard__s\/public\/2024-09\/foto-fraunhofer-umsicht-kopie.jpg?itok=4FVZa7yi\u0022 title=\u0022\u00a9 Fraunhofer Umsicht\u0022 \/\u003E\n\n    \u003C\/picture\u003E\n      \u003Cfigcaption class=\u0022image--figcaption\u0022\u003E\n          \u003Cdiv class=\u0022copyright\u0022\u003EFraunhofer Umsicht\u003C\/div\u003E\n          \u003C\/figcaption\u003E\n\u003C\/figure\u003E\n\n\n    \u003C\/div\u003E\n    \u003Cdiv class=\u0022teaser-content\u0022\u003E\n                    \u003Cdiv class=\u0022teaser-content--kicker\u0022\u003E\n                    \n        \u003C\/div\u003E\n                                              \n                        \n        \u003Ch4 class=\u0022teaser-content--headline\u0022\u003E\n                                Bipolarplatten ohne Titan im \n                              \u003Cspan class=\u0022headline-last-word-arrow\u0022\u003EElektrolyse-Stack                      \u003C\/span\u003E\n        \u003C\/h4\u003E\n            \u003Cdiv class=\u0022teaser-content--publishing-date\u0022\u003E\u003Ctime datetime=\u00222024-09-23T13:44:21Z\u0022\u003E23.09.2024\u003C\/time\u003E\n\u003C\/div\u003E\u003Cspan class=\u0022teaser-content--publishing-date-divider\u0022\u003E - \u003C\/span\u003E\u003Cdiv class=\u0022teaser-content--body\u0022\u003E  \u003Cp\u003EBipolarplatten auf Kohlenstoffbasis k\u00f6nnen eine g\u00fcnstigere und zugleich skalierbare Alternative zu Titan sein, meinen Forscher des Fraunhofer Umsicht. Eine neue und patentierte kohlenstoffbasierte Bipolarplatte der Wissenschaftler besteht aus einer thermoplastischen polymergebundenen...\u003C\/p\u003E\n\n\n\u003C\/div\u003E\n                        \u003Cspan class=\u0022read-more-arrow-container\u0022\u003E\n            \u003Cspan class=\u0022read-more-angled-arrow\u0022\u003E \u003C\/span\u003E\n          \u003C\/span\u003E\n                  \u003C\/div\u003E\n    \u003C\/a\u003E\n\u003Ca href=\u0022\/personalien\/now-strukturiert-sich-um\u0022  class=\u0022teaser teaser--standard\u0022 aria-label=\u0022NOW strukturiert sich um\u0022\u003E\n      \u003Cdiv class=\u0022teaser-content--image\u0022\u003E\n        \u003Cfigure class=\u0022image--figure\u0022\u003E\n        \u003Cpicture\u003E\n                        \u003Csource srcset=\u0022\/sites\/default\/files\/styles\/teaser_standard__m\/public\/2024-09\/k-c-v-knobelsdorff-dsc_0590-kopie.jpg.webp?itok=e-U2kTCx 1x\u0022 media=\u0022(min-width: 48.0625em) and (max-width: 64em)\u0022 type=\u0022image\/webp\u0022 width=\u0022237\u0022 height=\u0022242\u0022\/\u003E\n                  \u003Csource srcset=\u0022\/sites\/default\/files\/styles\/teaser_standard__l\/public\/2024-09\/k-c-v-knobelsdorff-dsc_0590-kopie.jpg.webp?itok=vzYldQ40 1x\u0022 media=\u0022(min-width: 64.0625em)\u0022 type=\u0022image\/webp\u0022 width=\u0022149\u0022 height=\u0022152\u0022\/\u003E\n                  \u003Csource srcset=\u0022\/sites\/default\/files\/styles\/teaser_standard__m\/public\/2024-09\/k-c-v-knobelsdorff-dsc_0590-kopie.jpg?itok=MLfLqsg6 1x\u0022 media=\u0022(min-width: 48.0625em) and (max-width: 64em)\u0022 type=\u0022image\/jpeg\u0022 width=\u0022237\u0022 height=\u0022242\u0022\/\u003E\n                  \u003Csource srcset=\u0022\/sites\/default\/files\/styles\/teaser_standard__l\/public\/2024-09\/k-c-v-knobelsdorff-dsc_0590-kopie.jpg?itok=nGMaQYfD 1x\u0022 media=\u0022(min-width: 64.0625em)\u0022 type=\u0022image\/jpeg\u0022 width=\u0022149\u0022 height=\u0022152\u0022\/\u003E\n                          \u003Cimg loading=\u0022eager\u0022 data-caption-hide width=\u0022389\u0022 height=\u0022398\u0022 alt=\u0022Kurt-Christoph von Knobelsdorff arbeitet nicht mehr f\u00fcr die NOW\u0022 data-zoomed=\u0022https:\/\/www.hzwei.info\/sites\/default\/files\/styles\/content__zoomed\/public\/2024-09\/k-c-v-knobelsdorff-dsc_0590-kopie.jpg?itok=AMH1HULT\u0022 src=\u0022\/sites\/default\/files\/styles\/teaser_standard__s\/public\/2024-09\/k-c-v-knobelsdorff-dsc_0590-kopie.jpg?itok=nEcbK0ti\u0022 title=\u0022\u00a9 Hydrogeit Verlag\u0022 \/\u003E\n\n    \u003C\/picture\u003E\n      \u003Cfigcaption class=\u0022image--figcaption\u0022\u003E\n          \u003Cdiv class=\u0022copyright\u0022\u003EHydrogeit Verlag\u003C\/div\u003E\n          \u003C\/figcaption\u003E\n\u003C\/figure\u003E\n\n\n    \u003C\/div\u003E\n    \u003Cdiv class=\u0022teaser-content\u0022\u003E\n                    \u003Cdiv class=\u0022teaser-content--kicker\u0022\u003E\n                    \n        \u003C\/div\u003E\n                                              \n                        \n        \u003Ch4 class=\u0022teaser-content--headline\u0022\u003E\n                                NOW strukturiert sich \n                              \u003Cspan class=\u0022headline-last-word-arrow\u0022\u003Eum                      \u003C\/span\u003E\n        \u003C\/h4\u003E\n            \u003Cdiv class=\u0022teaser-content--publishing-date\u0022\u003E\u003Ctime datetime=\u00222024-09-08T09:28:29Z\u0022\u003E08.09.2024\u003C\/time\u003E\n\u003C\/div\u003E\u003Cspan class=\u0022teaser-content--publishing-date-divider\u0022\u003E - \u003C\/span\u003E\u003Cdiv class=\u0022teaser-content--body\u0022\u003E  \u003Cp\u003EFr\u00fcher als erwartet muss der bisherige NOW-Gesch\u00e4ftsf\u00fchrer Kurt-Christoph von Knobelsdorff seinen Posten r\u00e4umen. Seit Mai 2020 hatte er sein Amt bei der Nationalen Organisation Wasserstoff- und Brennstoffzellentechnologie GmbH inne. Offiziell ist von Umstrukturierungsma\u00dfnahmen die Rede, aber nicht...\u003C\/p\u003E\n\n\n\u003C\/div\u003E\n                        \u003Cspan class=\u0022read-more-arrow-container\u0022\u003E\n            \u003Cspan class=\u0022read-more-angled-arrow\u0022\u003E \u003C\/span\u003E\n          \u003C\/span\u003E\n                  \u003C\/div\u003E\n    \u003C\/a\u003E\n\u003Ca href=\u0022\/recht\/pruefer-halten-ziele-fuer-unklar-und-unrealistisch-eu-rechnungshof-h2-strategie-braucht\u0022  class=\u0022teaser teaser--standard\u0022 aria-label=\u0022EU-Rechnungshof: H2-Strategie braucht \u201eRealit\u00e4tscheck\u201c\u0022\u003E\n      \u003Cdiv class=\u0022teaser-content--image\u0022\u003E\n        \u003Cfigure class=\u0022image--figure\u0022\u003E\n        \u003Cpicture\u003E\n                        \u003Csource srcset=\u0022\/sites\/default\/files\/styles\/teaser_standard__m\/public\/2024-09\/rechnungshof-gebaeude-kopie.jpg.webp?itok=IoUZasw5 1x\u0022 media=\u0022(min-width: 48.0625em) and (max-width: 64em)\u0022 type=\u0022image\/webp\u0022 width=\u0022323\u0022 height=\u0022216\u0022\/\u003E\n                  \u003Csource srcset=\u0022\/sites\/default\/files\/styles\/teaser_standard__l\/public\/2024-09\/rechnungshof-gebaeude-kopie.jpg.webp?itok=TmsPheBf 1x\u0022 media=\u0022(min-width: 64.0625em)\u0022 type=\u0022image\/webp\u0022 width=\u0022203\u0022 height=\u0022136\u0022\/\u003E\n                  \u003Csource srcset=\u0022\/sites\/default\/files\/styles\/teaser_standard__m\/public\/2024-09\/rechnungshof-gebaeude-kopie.jpg?itok=LJpFOz2i 1x\u0022 media=\u0022(min-width: 48.0625em) and (max-width: 64em)\u0022 type=\u0022image\/jpeg\u0022 width=\u0022323\u0022 height=\u0022216\u0022\/\u003E\n                  \u003Csource srcset=\u0022\/sites\/default\/files\/styles\/teaser_standard__l\/public\/2024-09\/rechnungshof-gebaeude-kopie.jpg?itok=mkVeHLCu 1x\u0022 media=\u0022(min-width: 64.0625em)\u0022 type=\u0022image\/jpeg\u0022 width=\u0022203\u0022 height=\u0022136\u0022\/\u003E\n                          \u003Cimg loading=\u0022eager\u0022 data-caption-hide width=\u0022596\u0022 height=\u0022398\u0022 alt=\u0022Der Europ\u00e4ische Rechnungshof in Luxemburg wacht \u00fcber die Mittelverwendung der EU. Neben den j\u00e4hrlichen Berichten erstellt er auch Sonderberichte.\u0022 data-zoomed=\u0022https:\/\/www.hzwei.info\/sites\/default\/files\/styles\/content__zoomed\/public\/2024-09\/rechnungshof-gebaeude-kopie.jpg?itok=qRB_1fbB\u0022 src=\u0022\/sites\/default\/files\/styles\/teaser_standard__s\/public\/2024-09\/rechnungshof-gebaeude-kopie.jpg?itok=Kv4KSltD\u0022 title=\u0022\u00a9 ECA \/ Sophie Margue\u0022 \/\u003E\n\n    \u003C\/picture\u003E\n      \u003Cfigcaption class=\u0022image--figcaption\u0022\u003E\n          \u003Cdiv class=\u0022copyright\u0022\u003EECA \/ Sophie Margue\u003C\/div\u003E\n          \u003C\/figcaption\u003E\n\u003C\/figure\u003E\n\n\n    \u003C\/div\u003E\n    \u003Cdiv class=\u0022teaser-content\u0022\u003E\n                    \u003Cdiv class=\u0022teaser-content--kicker\u0022\u003E\n                    Pr\u00fcfer halten Ziele f\u00fcr unklar und unrealistisch\n        \u003C\/div\u003E\n                                              \n                        \n        \u003Ch4 class=\u0022teaser-content--headline\u0022\u003E\n                                EU-Rechnungshof: H2-Strategie braucht \n                              \u003Cspan class=\u0022headline-last-word-arrow\u0022\u003E\u201eRealit\u00e4tscheck\u201c                      \u003C\/span\u003E\n        \u003C\/h4\u003E\n            \u003Cdiv class=\u0022teaser-content--publishing-date\u0022\u003E\u003Ctime datetime=\u00222024-09-03T06:48:09Z\u0022\u003E03.09.2024\u003C\/time\u003E\n\u003C\/div\u003E\u003Cspan class=\u0022teaser-content--publishing-date-divider\u0022\u003E - \u003C\/span\u003E\u003Cdiv class=\u0022teaser-content--body\u0022\u003E\u003Cp\u003EDie EU hat sich in ihrer Wasserstoffstrategie f\u00fcr das Jahr 2030 zu hohe Ziele gesteckt. Zu diesem Fazit kommen die Pr\u00fcfer des EU-Rechnungshofes in einem im Juli 2024 ver\u00f6ffentlichten Sonderbericht. Sie fordern nun eine Anpassung der Strategie und ein besseres Controlling.\u003C\/p\u003E\n\u003C\/div\u003E\n                        \u003Cspan class=\u0022read-more-arrow-container\u0022\u003E\n            \u003Cspan class=\u0022read-more-angled-arrow\u0022\u003E \u003C\/span\u003E\n          \u003C\/span\u003E\n                  \u003C\/div\u003E\n    \u003C\/a\u003E\n\u003Ca href=\u0022\/unternehmen\/h2-importstrategie-eher-kompendium-als-fahrplan\u0022  class=\u0022teaser teaser--standard\u0022 aria-label=\u0022H2-Importstrategie \u2013 eher Kompendium als Fahrplan\u0022\u003E\n      \u003Cdiv class=\u0022teaser-content--image\u0022\u003E\n        \u003Cfigure class=\u0022image--figure\u0022\u003E\n        \u003Cpicture\u003E\n                        \u003Csource srcset=\u0022\/sites\/default\/files\/styles\/teaser_standard__m\/public\/2024-09\/cover-importstrategie-kopie.png.webp?itok=TW-IyW0r 1x\u0022 media=\u0022(min-width: 48.0625em) and (max-width: 64em)\u0022 type=\u0022image\/webp\u0022 width=\u0022171\u0022 height=\u0022242\u0022\/\u003E\n                  \u003Csource srcset=\u0022\/sites\/default\/files\/styles\/teaser_standard__l\/public\/2024-09\/cover-importstrategie-kopie.png.webp?itok=Ah4Zjr6L 1x\u0022 media=\u0022(min-width: 64.0625em)\u0022 type=\u0022image\/webp\u0022 width=\u0022108\u0022 height=\u0022152\u0022\/\u003E\n                  \u003Csource srcset=\u0022\/sites\/default\/files\/styles\/teaser_standard__m\/public\/2024-09\/cover-importstrategie-kopie.png?itok=Z4tUfwQn 1x\u0022 media=\u0022(min-width: 48.0625em) and (max-width: 64em)\u0022 type=\u0022image\/png\u0022 width=\u0022171\u0022 height=\u0022242\u0022\/\u003E\n                  \u003Csource srcset=\u0022\/sites\/default\/files\/styles\/teaser_standard__l\/public\/2024-09\/cover-importstrategie-kopie.png?itok=Fk-A-LOO 1x\u0022 media=\u0022(min-width: 64.0625em)\u0022 type=\u0022image\/png\u0022 width=\u0022108\u0022 height=\u0022152\u0022\/\u003E\n                          \u003Cimg loading=\u0022eager\u0022 data-caption-hide width=\u0022282\u0022 height=\u0022398\u0022 alt=\u0022Titelseite der Importstrategie f\u00fcr Wasserstoff\u0022 data-zoomed=\u0022https:\/\/www.hzwei.info\/sites\/default\/files\/styles\/content__zoomed\/public\/2024-09\/cover-importstrategie-kopie.png?itok=l7HYl4Ek\u0022 src=\u0022\/sites\/default\/files\/styles\/teaser_standard__s\/public\/2024-09\/cover-importstrategie-kopie.png?itok=0tzFa6Nb\u0022 title=\u0022\u00a9 BMWK\u0022 \/\u003E\n\n    \u003C\/picture\u003E\n      \u003Cfigcaption class=\u0022image--figcaption\u0022\u003E\n          \u003Cdiv class=\u0022copyright\u0022\u003EBMWK\u003C\/div\u003E\n          \u003C\/figcaption\u003E\n\u003C\/figure\u003E\n\n\n    \u003C\/div\u003E\n    \u003Cdiv class=\u0022teaser-content\u0022\u003E\n                    \u003Cdiv class=\u0022teaser-content--kicker\u0022\u003E\n                    \n        \u003C\/div\u003E\n                                              \n                        \n        \u003Ch4 class=\u0022teaser-content--headline\u0022\u003E\n                                H2-Importstrategie \u2013 eher Kompendium als \n                              \u003Cspan class=\u0022headline-last-word-arrow\u0022\u003EFahrplan                      \u003C\/span\u003E\n        \u003C\/h4\u003E\n            \u003Cdiv class=\u0022teaser-content--publishing-date\u0022\u003E\u003Ctime datetime=\u00222024-09-02T06:42:15Z\u0022\u003E02.09.2024\u003C\/time\u003E\n\u003C\/div\u003E\u003Cspan class=\u0022teaser-content--publishing-date-divider\u0022\u003E - \u003C\/span\u003E\u003Cdiv class=\u0022teaser-content--body\u0022\u003E  \u003Cp\u003EEnde Juli 2024 hat die Bundesregierung ihre lange erwartete Wasserstoff-Importstrategie vorgelegt \u2013 so zumindest legt der offizielle Titel des Papiers es nahe. Doch strategische Aussagen sind darin kaum zu finden. Der Maschinenbau-Verband VDMA bezeichnet sie treffend als \u201egute Bestandsaufnahme\u201c. Wer...\u003C\/p\u003E\n\n\n\u003C\/div\u003E\n                        \u003Cspan class=\u0022read-more-arrow-container\u0022\u003E\n            \u003Cspan class=\u0022read-more-angled-arrow\u0022\u003E \u003C\/span\u003E\n          \u003C\/span\u003E\n                  \u003C\/div\u003E\n    \u003C\/a\u003E\n\u003Ca href=\u0022\/unternehmen\/hy-fcell-2024-abbildung-der-wertschoepfungskette\u0022  class=\u0022teaser teaser--standard\u0022 aria-label=\u0022hy-fcell 2024 \u2013 Abbildung der Wertsch\u00f6pfungskette\u0022\u003E\n      \u003Cdiv class=\u0022teaser-content--image\u0022\u003E\n        \u003Cfigure class=\u0022image--figure\u0022\u003E\n        \u003Cpicture\u003E\n                        \u003Csource srcset=\u0022\/sites\/default\/files\/styles\/teaser_standard__m\/public\/2024-09\/20230922mst_00173-kopie.jpg.webp?itok=3stmjmOH 1x\u0022 media=\u0022(min-width: 48.0625em) and (max-width: 64em)\u0022 type=\u0022image\/webp\u0022 width=\u0022323\u0022 height=\u0022215\u0022\/\u003E\n                  \u003Csource srcset=\u0022\/sites\/default\/files\/styles\/teaser_standard__l\/public\/2024-09\/20230922mst_00173-kopie.jpg.webp?itok=-KCKoSkl 1x\u0022 media=\u0022(min-width: 64.0625em)\u0022 type=\u0022image\/webp\u0022 width=\u0022203\u0022 height=\u0022135\u0022\/\u003E\n                  \u003Csource srcset=\u0022\/sites\/default\/files\/styles\/teaser_standard__m\/public\/2024-09\/20230922mst_00173-kopie.jpg?itok=z9U5qbVg 1x\u0022 media=\u0022(min-width: 48.0625em) and (max-width: 64em)\u0022 type=\u0022image\/jpeg\u0022 width=\u0022323\u0022 height=\u0022215\u0022\/\u003E\n                  \u003Csource srcset=\u0022\/sites\/default\/files\/styles\/teaser_standard__l\/public\/2024-09\/20230922mst_00173-kopie.jpg?itok=HkVQ9K7r 1x\u0022 media=\u0022(min-width: 64.0625em)\u0022 type=\u0022image\/jpeg\u0022 width=\u0022203\u0022 height=\u0022135\u0022\/\u003E\n                          \u003Cimg alt=\u0022Haben Quanten- und Wasserstofftechnologie etwas gemeinsam?\u0022 loading=\u0022eager\u0022 data-caption-hide width=\u0022597\u0022 height=\u0022398\u0022 data-zoomed=\u0022https:\/\/www.hzwei.info\/sites\/default\/files\/styles\/content__zoomed\/public\/2024-09\/20230922mst_00173-kopie.jpg?itok=IZyo9FpM\u0022 src=\u0022\/sites\/default\/files\/styles\/teaser_standard__s\/public\/2024-09\/20230922mst_00173-kopie.jpg?itok=whbr3gZA\u0022 title=\u0022\u00a9 Bosch Quantum Sensing\u0022 \/\u003E\n\n    \u003C\/picture\u003E\n      \u003Cfigcaption class=\u0022image--figcaption\u0022\u003E\n          \u003Cdiv class=\u0022copyright\u0022\u003EBosch Quantum Sensing\u003C\/div\u003E\n          \u003C\/figcaption\u003E\n\u003C\/figure\u003E\n\n\n    \u003C\/div\u003E\n    \u003Cdiv class=\u0022teaser-content\u0022\u003E\n                    \u003Cdiv class=\u0022teaser-content--kicker\u0022\u003E\n                    \n        \u003C\/div\u003E\n                                              \n                        \n        \u003Ch4 class=\u0022teaser-content--headline\u0022\u003E\n                                hy-fcell 2024 \u2013 Abbildung der \n                              \u003Cspan class=\u0022headline-last-word-arrow\u0022\u003EWertsch\u00f6pfungskette                      \u003C\/span\u003E\n        \u003C\/h4\u003E\n            \u003Cdiv class=\u0022teaser-content--publishing-date\u0022\u003E\u003Ctime datetime=\u00222024-09-02T06:36:19Z\u0022\u003E02.09.2024\u003C\/time\u003E\n\u003C\/div\u003E\u003Cspan class=\u0022teaser-content--publishing-date-divider\u0022\u003E - \u003C\/span\u003E\u003Cdiv class=\u0022teaser-content--body\u0022\u003E  \u003Cp\u003EGibt es eine Schnittmenge zwischen Quantentechnologie und Wasserstoff- und Brennstoffzellentechnik? Diese Frage d\u00fcrfen sich alle Besucherinnen und Besucher der diesj\u00e4hrigen hy-fcell stellen, da zeitgleich mit der International Hydrogen and Fuel Cell Expo and Conference auch die Quantum Effects, die...\u003C\/p\u003E\n\n\n\u003C\/div\u003E\n                        \u003Cspan class=\u0022read-more-arrow-container\u0022\u003E\n            \u003Cspan class=\u0022read-more-angled-arrow\u0022\u003E \u003C\/span\u003E\n          \u003C\/span\u003E\n                  \u003C\/div\u003E\n    \u003C\/a\u003E\n\u003Ca href=\u0022\/unternehmen\/online-marktplatz-bringt-angebot-und-nachfrage-zusammen-die-wasserstoff-partnerboerse\u0022  class=\u0022teaser teaser--standard\u0022 aria-label=\u0022Die Wasserstoff-Partnerb\u00f6rse\u0022\u003E\n      \u003Cdiv class=\u0022teaser-content--image\u0022\u003E\n        \u003Cfigure class=\u0022image--figure\u0022\u003E\n        \u003Cpicture\u003E\n                        \u003Csource srcset=\u0022\/sites\/default\/files\/styles\/teaser_standard__m\/public\/2024-08\/h2-marktplatz-kopie.png.webp?itok=cZHSYszM 1x\u0022 media=\u0022(min-width: 48.0625em) and (max-width: 64em)\u0022 type=\u0022image\/webp\u0022 width=\u0022323\u0022 height=\u0022180\u0022\/\u003E\n                  \u003Csource srcset=\u0022\/sites\/default\/files\/styles\/teaser_standard__l\/public\/2024-08\/h2-marktplatz-kopie.png.webp?itok=XkkSF3zi 1x\u0022 media=\u0022(min-width: 64.0625em)\u0022 type=\u0022image\/webp\u0022 width=\u0022203\u0022 height=\u0022113\u0022\/\u003E\n                  \u003Csource srcset=\u0022\/sites\/default\/files\/styles\/teaser_standard__m\/public\/2024-08\/h2-marktplatz-kopie.png?itok=4D-6Wfih 1x\u0022 media=\u0022(min-width: 48.0625em) and (max-width: 64em)\u0022 type=\u0022image\/png\u0022 width=\u0022323\u0022 height=\u0022180\u0022\/\u003E\n                  \u003Csource srcset=\u0022\/sites\/default\/files\/styles\/teaser_standard__l\/public\/2024-08\/h2-marktplatz-kopie.png?itok=B4eE6l9v 1x\u0022 media=\u0022(min-width: 64.0625em)\u0022 type=\u0022image\/png\u0022 width=\u0022203\u0022 height=\u0022113\u0022\/\u003E\n                          \u003Cimg loading=\u0022eager\u0022 data-caption-hide width=\u0022708\u0022 height=\u0022395\u0022 alt=\u0022Matching-Funktion des Wasserstoffmarktplatzes\u0022 data-zoomed=\u0022https:\/\/www.hzwei.info\/sites\/default\/files\/styles\/content__zoomed\/public\/2024-08\/h2-marktplatz-kopie.png?itok=Cy_MLEY0\u0022 src=\u0022\/sites\/default\/files\/styles\/teaser_standard__s\/public\/2024-08\/h2-marktplatz-kopie.png?itok=qfpLrYH-\u0022 title=\u0022\u00a9 Localiser RLI\u0022 \/\u003E\n\n    \u003C\/picture\u003E\n      \u003Cfigcaption class=\u0022image--figcaption\u0022\u003E\n          \u003Cdiv class=\u0022copyright\u0022\u003ELocaliser RLI\u003C\/div\u003E\n          \u003C\/figcaption\u003E\n\u003C\/figure\u003E\n\n\n    \u003C\/div\u003E\n    \u003Cdiv class=\u0022teaser-content\u0022\u003E\n                    \u003Cdiv class=\u0022teaser-content--kicker\u0022\u003E\n                    Online-Marktplatz bringt Angebot und Nachfrage zusammen\n        \u003C\/div\u003E\n                                              \n                        \n        \u003Ch4 class=\u0022teaser-content--headline\u0022\u003E\n                                Die \n                              \u003Cspan class=\u0022headline-last-word-arrow\u0022\u003EWasserstoff-Partnerb\u00f6rse                      \u003C\/span\u003E\n        \u003C\/h4\u003E\n            \u003Cdiv class=\u0022teaser-content--publishing-date\u0022\u003E\u003Ctime datetime=\u00222024-08-20T08:13:18Z\u0022\u003E20.08.2024\u003C\/time\u003E\n\u003C\/div\u003E\u003Cspan class=\u0022teaser-content--publishing-date-divider\u0022\u003E - \u003C\/span\u003E\u003Cdiv class=\u0022teaser-content--body\u0022\u003E\u003Cp\u003EWie eine Partnerb\u00f6rse vernetzt der internationale Wasserstoffmarktplatz von Localiser seit zwei Jahren die Akteure der Wasserstoffwertsch\u00f6pfungskette. Rund 500 Unternehmen sind bisher registriert. Der Marktplatz umfasst mittlerweile auch Angebote aus weiteren europ\u00e4ischen L\u00e4ndern.\u003C\/p\u003E\n\u003C\/div\u003E\n                        \u003Cspan class=\u0022read-more-arrow-container\u0022\u003E\n            \u003Cspan class=\u0022read-more-angled-arrow\u0022\u003E \u003C\/span\u003E\n          \u003C\/span\u003E\n                  \u003C\/div\u003E\n    \u003C\/a\u003E\n\u003Ca href=\u0022\/unternehmen\/ein-meilenstein-fuer-die-mobilitaet-der-zukunft\u0022  class=\u0022teaser teaser--standard\u0022 aria-label=\u0022Ein Meilenstein f\u00fcr die Mobilit\u00e4t der Zukunft!\u0022\u003E\n      \u003Cdiv class=\u0022teaser-content--image\u0022\u003E\n        \u003Cfigure class=\u0022image--figure\u0022\u003E\n        \u003Cpicture\u003E\n                        \u003Csource srcset=\u0022\/sites\/default\/files\/styles\/teaser_standard__m\/public\/2024-07\/240722_jackzproductions_dsa5127-kopie.jpg.webp?itok=aewLm3Ec 1x\u0022 media=\u0022(min-width: 48.0625em) and (max-width: 64em)\u0022 type=\u0022image\/webp\u0022 width=\u0022323\u0022 height=\u0022215\u0022\/\u003E\n                  \u003Csource srcset=\u0022\/sites\/default\/files\/styles\/teaser_standard__l\/public\/2024-07\/240722_jackzproductions_dsa5127-kopie.jpg.webp?itok=UD8Y68iC 1x\u0022 media=\u0022(min-width: 64.0625em)\u0022 type=\u0022image\/webp\u0022 width=\u0022203\u0022 height=\u0022135\u0022\/\u003E\n                  \u003Csource srcset=\u0022\/sites\/default\/files\/styles\/teaser_standard__m\/public\/2024-07\/240722_jackzproductions_dsa5127-kopie.jpg?itok=EkfozKk6 1x\u0022 media=\u0022(min-width: 48.0625em) and (max-width: 64em)\u0022 type=\u0022image\/jpeg\u0022 width=\u0022323\u0022 height=\u0022215\u0022\/\u003E\n                  \u003Csource srcset=\u0022\/sites\/default\/files\/styles\/teaser_standard__l\/public\/2024-07\/240722_jackzproductions_dsa5127-kopie.jpg?itok=xFMX6T-5 1x\u0022 media=\u0022(min-width: 64.0625em)\u0022 type=\u0022image\/jpeg\u0022 width=\u0022203\u0022 height=\u0022135\u0022\/\u003E\n                          \u003Cimg loading=\u0022eager\u0022 data-caption-hide width=\u0022597\u0022 height=\u0022398\u0022 alt=\u0022wasserstoffbetriebenen FES-Brennstoffzellen-LKW \u0022 data-zoomed=\u0022https:\/\/www.hzwei.info\/sites\/default\/files\/styles\/content__zoomed\/public\/2024-07\/240722_jackzproductions_dsa5127-kopie.jpg?itok=TJVjqzyF\u0022 src=\u0022\/sites\/default\/files\/styles\/teaser_standard__s\/public\/2024-07\/240722_jackzproductions_dsa5127-kopie.jpg?itok=WYorhrKN\u0022 title=\u0022\u00a9 FES GmbH\u0022 \/\u003E\n\n    \u003C\/picture\u003E\n      \u003Cfigcaption class=\u0022image--figcaption\u0022\u003E\n          \u003Cdiv class=\u0022copyright\u0022\u003EFES GmbH\u003C\/div\u003E\n          \u003C\/figcaption\u003E\n\u003C\/figure\u003E\n\n\n    \u003C\/div\u003E\n    \u003Cdiv class=\u0022teaser-content\u0022\u003E\n                    \u003Cdiv class=\u0022teaser-content--kicker\u0022\u003E\n                      \u003Cdiv class=\u0022teaser-content--advertisement\u0022\u003EAnzeige\u003C\/div\u003E\n                    \n        \u003C\/div\u003E\n                                              \n                        \n        \u003Ch4 class=\u0022teaser-content--headline\u0022\u003E\n                                Ein Meilenstein f\u00fcr die Mobilit\u00e4t der \n                              \u003Cspan class=\u0022headline-last-word-arrow\u0022\u003EZukunft!                      \u003C\/span\u003E\n        \u003C\/h4\u003E\n            \u003Cdiv class=\u0022teaser-content--publishing-date\u0022\u003E\u003Ctime datetime=\u00222024-07-29T08:54:41Z\u0022\u003E29.07.2024\u003C\/time\u003E\n\u003C\/div\u003E\u003Cspan class=\u0022teaser-content--publishing-date-divider\u0022\u003E - \u003C\/span\u003E\u003Cdiv class=\u0022teaser-content--body\u0022\u003E  \u003Cp\u003EWir, die FES GmbH Fahrzeug-Entwicklung Sachsen, haben am 22. Juli 2024 in Zwickau vor rund 100 G\u00e4sten, u.a. Ministerpr\u00e4sident Michael Kretschmer, stolz \u2013 und das zu Recht \u2013 unseren neuen wasserstoffbetriebenen FES-Brennstoffzellen-LKW pr\u00e4sentiert! Dieser innovative 18t-LKW markiert nicht nur f\u00fcr uns...\u003C\/p\u003E\n\n\n\u003C\/div\u003E\n                        \u003Cspan class=\u0022read-more-arrow-container\u0022\u003E\n            \u003Cspan class=\u0022read-more-angled-arrow\u0022\u003E \u003C\/span\u003E\n          \u003C\/span\u003E\n                  \u003C\/div\u003E\n    \u003C\/a\u003E\n\u003Ca href=\u0022\/h2-transport\/46-milliarden-euro-von-bund-und-laendern-fuer-h2-projekte-startschuss-fuer\u0022  class=\u0022teaser teaser--standard\u0022 aria-label=\u0022Startschuss f\u00fcr Wasserstoffhochlauf in Deutschland\u0022\u003E\n      \u003Cdiv class=\u0022teaser-content--image\u0022\u003E\n        \u003Cfigure class=\u0022image--figure\u0022\u003E\n        \u003Cpicture\u003E\n                        \u003Csource srcset=\u0022\/sites\/default\/files\/styles\/teaser_standard__m\/public\/2024-07\/startschuss-wasserstoffhochlauf-deutschland.jpg.webp?itok=oCzsczbZ 1x\u0022 media=\u0022(min-width: 48.0625em) and (max-width: 64em)\u0022 type=\u0022image\/webp\u0022 width=\u0022323\u0022 height=\u0022242\u0022\/\u003E\n                  \u003Csource srcset=\u0022\/sites\/default\/files\/styles\/teaser_standard__l\/public\/2024-07\/startschuss-wasserstoffhochlauf-deutschland.jpg.webp?itok=JnS9iek- 1x\u0022 media=\u0022(min-width: 64.0625em)\u0022 type=\u0022image\/webp\u0022 width=\u0022203\u0022 height=\u0022152\u0022\/\u003E\n                  \u003Csource srcset=\u0022\/sites\/default\/files\/styles\/teaser_standard__m\/public\/2024-07\/startschuss-wasserstoffhochlauf-deutschland.jpg?itok=FSgpsHsk 1x\u0022 media=\u0022(min-width: 48.0625em) and (max-width: 64em)\u0022 type=\u0022image\/jpeg\u0022 width=\u0022323\u0022 height=\u0022242\u0022\/\u003E\n                  \u003Csource srcset=\u0022\/sites\/default\/files\/styles\/teaser_standard__l\/public\/2024-07\/startschuss-wasserstoffhochlauf-deutschland.jpg?itok=Gr-bVaLZ 1x\u0022 media=\u0022(min-width: 64.0625em)\u0022 type=\u0022image\/jpeg\u0022 width=\u0022203\u0022 height=\u0022152\u0022\/\u003E\n                          \u003Cimg loading=\u0022eager\u0022 data-caption-hide width=\u0022531\u0022 height=\u0022398\u0022 alt=\u0022Bundeswirtschaftsminister Robert Habeck (von links) \u00fcbergab die Hamburger F\u00f6rderungen an Alexandra Bernstorff, Managing Director bei Luxcara, und Michael Dammann, Gesch\u00e4ftsf\u00fchrer Gasnetz Hamburg. Foto: Gasnetz Hamburg\u0022 data-zoomed=\u0022https:\/\/www.hzwei.info\/sites\/default\/files\/styles\/content__zoomed\/public\/2024-07\/startschuss-wasserstoffhochlauf-deutschland.jpg?itok=N_BBamY6\u0022 src=\u0022\/sites\/default\/files\/styles\/teaser_standard__s\/public\/2024-07\/startschuss-wasserstoffhochlauf-deutschland.jpg?itok=bUr8IMjA\u0022 title=\u0022\u00a9 Gasnetz Hamburg\u0022 \/\u003E\n\n    \u003C\/picture\u003E\n      \u003Cfigcaption class=\u0022image--figcaption\u0022\u003E\n          \u003Cdiv class=\u0022copyright\u0022\u003EGasnetz Hamburg\u003C\/div\u003E\n          \u003C\/figcaption\u003E\n\u003C\/figure\u003E\n\n\n    \u003C\/div\u003E\n    \u003Cdiv class=\u0022teaser-content\u0022\u003E\n                    \u003Cdiv class=\u0022teaser-content--kicker\u0022\u003E\n                    4,6 Milliarden Euro von Bund und L\u00e4ndern f\u00fcr H2-Projekte\n        \u003C\/div\u003E\n                                              \n                        \n        \u003Ch4 class=\u0022teaser-content--headline\u0022\u003E\n                                Startschuss f\u00fcr Wasserstoffhochlauf in \n                              \u003Cspan class=\u0022headline-last-word-arrow\u0022\u003EDeutschland                      \u003C\/span\u003E\n        \u003C\/h4\u003E\n            \u003Cdiv class=\u0022teaser-content--publishing-date\u0022\u003E\u003Ctime datetime=\u00222024-07-17T08:43:31Z\u0022\u003E17.07.2024\u003C\/time\u003E\n\u003C\/div\u003E\u003Cspan class=\u0022teaser-content--publishing-date-divider\u0022\u003E - \u003C\/span\u003E\u003Cdiv class=\u0022teaser-content--body\u0022\u003E\u003Cp\u003E23 gro\u00dfe Wasserstoff-Infrastruktur-Projekte in Deutschland werden von nun an mit 4,6 Milliarden Euro an \u00f6ffentlichen Geldern unterst\u00fctzt. Weitere 3,3 Milliarden Euro sollen durch private Investitionen der beteiligten Unternehmen hinzukommen. Das Geld geht unter anderem in den Aufbau von 1,4 Gigawatt Elektrolyseleistung, rund 2000 Kilometer Wasserstoff-Pipelines, 370 Gigawattstunden Speicherkapazit\u00e4t und in die Nutzung von fl\u00fcssigen organischen Wasserstoff-Tr\u00e4gern (LOHC). Entsprechende Terminals sollen auf diese Weise den Transport von etwa 1800 Tonnen Wasserstoff pro Jahr erm\u00f6glichen.\u003C\/p\u003E\n\u003C\/div\u003E\n                        \u003Cspan class=\u0022read-more-arrow-container\u0022\u003E\n            \u003Cspan class=\u0022read-more-angled-arrow\u0022\u003E \u003C\/span\u003E\n          \u003C\/span\u003E\n                  \u003C\/div\u003E\n    \u003C\/a\u003E\n","entity_type":"node","used_ids":["",238598,238596,238587,238581,238580,238554,238552,238531,238530,238529,238528,238521,238520,238519,238517,238516,238511,238510,238506],"show_more":"\u003Cdiv class=\u0022del-show-more\u0022\u003E\u003Ca href=\u0022\/ajax\/del\/fcd0d2a3-c444-4648-b3ed-19594f87b7dc\/paragraph\/20\/19\/asc\/eyJub2RlIjp7ImlkIjoiMjM4NzE4IiwidHlwZSI6InBhZ2UifX0%3D\u0022 title=\u0022Mehr Elemente anzeigen\u0022 class=\u0022del-show-more-link use-ajax\u0022 rel=\u0022nofollow\u0022 data-target-type=\u0022node\u0022 aria-controls=\u0022del--paragraph-806130--content\u0022 aria-label=\u0022Mehr Elemente anzeigen\u0022\u003EMehr anzeigen\u003C\/a\u003E\u003C\/div\u003E\n"}]